{"id":3700,"date":"2013-08-24T00:00:00","date_gmt":"2013-08-23T22:00:00","guid":{"rendered":"https:\/\/misqa.com\/2022\/04\/06\/le-vogler-exceptionnel\/"},"modified":"2022-04-06T17:02:27","modified_gmt":"2022-04-06T15:02:27","slug":"le-vogler-exceptionnel","status":"publish","type":"post","link":"https:\/\/misqa.com\/fr\/2013\/08\/24\/le-vogler-exceptionnel\/","title":{"rendered":"Le Vogler: exceptionnel."},"content":{"rendered":"<p>L&rsquo;Acad\u00e9mie internationale de quatuor \u00e0 cordes de McGill est en passe de devenir la grande r\u00e9ussite de notre \u00e9t\u00e9 : concerts tous gratuits et de haut niveau, salles combles, auditoires extr\u00eamement attentifs o\u00f9 se c\u00f4toient des gens de tous les \u00e2ges et de tous les milieux, dont beaucoup de jeunes d\u00e9couvrant \u00e0 leur tour l&rsquo;univers incomparable de la musique de chambre. Au traditionnel concert de cl\u00f4ture, vendredi soir, on retrouvait le r\u00e9put\u00e9 Quatuor Vogler, d&rsquo;Allemagne, dont les membres figuraient parmi les professeurs invit\u00e9s cette ann\u00e9e \u00e0 l&rsquo;Acad\u00e9mie. Le Vogler en \u00e9tait \u00e0 son quatri\u00e8me concert \u00e0 Montr\u00e9al. Form\u00e9 en Allemagne de l&rsquo;Est en 1985, il joua trois fois au Ladies&rsquo; Morning Musical Club: en 1995, 1997 et 2000, et toujours dans sa formation actuelle. \u00c0 cet \u00e9gard, rappelons que la pr\u00e9sidente du LMMC, Mme Constance V. Pathy, est aussi la fondatrice de l&rsquo;Acad\u00e9mie et la m\u00e9c\u00e8ne qui en assume g\u00e9n\u00e9reusement tous les frais. Son directeur g\u00e9n\u00e9ral et artistique Andr\u00e9 J. Roy, en la remerciant au micro, a annonc\u00e9 une cinqui\u00e8me Acad\u00e9mie pour l&rsquo;an prochain, du 10 au 23 ao\u00fbt. Il a aussi invit\u00e9 \u00e0 se lever les membres des jeunes quatuors stagiaires, qui avaient pris place un peu partout parmi les quelque 600 auditeurs.Spectacle impressionnant et, surtout, concert exceptionnel. Le Vogler est tr\u00e8s certainement l&rsquo;un des grands quatuors au monde actuellement. Cette pr\u00e9cision dans le jeu individuel et collectif, cette rondeur dans la production du son, cette identification \u00e0 l&rsquo;esprit des oeuvres : quel bonheur pour l&rsquo;auditeur, quelle le\u00e7on, aussi, pour les jeunes stagiaires.Dans le Haydn d&rsquo;entr\u00e9e, on reste pantois devant les pirouettes en chass\u00e9-crois\u00e9 que multiplient les quatre co\u00e9quipiers au Menuet et devant les guirlandes de triples croches que dessine le premier-violon \u00e0 l&rsquo;Andante qui suit.Le Vogler emprunte ensuite la couleur exacte qu&rsquo;appelle le lugubre 14e Quatuor de Chostakovitch. Tant\u00f4t seul, tant\u00f4t en dialogue avec un autre instrument seulement, le sombre violoncelle se voit confier ici un r\u00f4le important, le compositeur ayant d\u00e9di\u00e9 cette oeuvre au violoncelliste du Quatuor Beethoven, qui la cr\u00e9a en 1973 et l&rsquo;enregistra l&rsquo;ann\u00e9e suivante.Le silence de la salle est incroyable. Comme si chacun avait saisi, \u00e0 travers le Vogler, la pens\u00e9e de Chostakovitch qui, avec des moyens modernes, a transmis la m\u00eame angoisse que Beethoven dans ses derniers quatuors.L&rsquo;opus 106 de l&rsquo;aimable Dvorak compl\u00e8te la soir\u00e9e. On aurait souhait\u00e9 un choix plus int\u00e9ressant que cet interminable exercice de 40 minutes dont le seul m\u00e9rite est de donner beaucoup de travail aux musiciens. Cette musique ne dit pas grand-chose, mais elle est bien \u00e9crite pour le quatuor et le Vogler y apporte le maximum.<br \/>\nClaude Gingras \/ La Presse<\/p>\n","protected":false},"excerpt":{"rendered":"<p>L&rsquo;Acad\u00e9mie internationale de quatuor \u00e0 cordes de McGill est en passe de devenir la grande r\u00e9ussite de notre \u00e9t\u00e9 : [&hellip;]<\/p>\n","protected":false},"author":1,"featured_media":3701,"comment_status":"open","ping_status":"open","sticky":false,"template":"","format":"standard","meta":{"_acf_changed":false,"_monsterinsights_skip_tracking":false,"_monsterinsights_sitenote_active":false,"_monsterinsights_sitenote_note":"","_monsterinsights_sitenote_category":0,"footnotes":""},"categories":[75],"tags":[],"class_list":["post-3700","post","type-post","status-publish","format-standard","has-post-thumbnail","hentry","category-presse"],"acf":[],"yoast_head":"<!-- This site is optimized with the Yoast SEO plugin v27.5 - https:\/\/yoast.com\/product\/yoast-seo-wordpress\/ -->\n<title>Le Vogler: exceptionnel. - MISQA - McGill International String Quartet Academy<\/title>\n<meta name=\"robots\" content=\"index, follow, max-snippet:-1, max-image-preview:large, max-video-preview:-1\" \/>\n<link rel=\"canonical\" href=\"https:\/\/misqa.com\/fr\/2013\/08\/24\/le-vogler-exceptionnel\/\" \/>\n<meta property=\"og:locale\" content=\"fr_FR\" \/>\n<meta property=\"og:type\" content=\"article\" \/>\n<meta property=\"og:title\" content=\"Le Vogler: exceptionnel. - MISQA - McGill International String Quartet Academy\" \/>\n<meta property=\"og:description\" content=\"L&rsquo;Acad\u00e9mie internationale de quatuor \u00e0 cordes de McGill est en passe de devenir la grande r\u00e9ussite de notre \u00e9t\u00e9 : [&hellip;]\" \/>\n<meta property=\"og:url\" content=\"https:\/\/misqa.com\/fr\/2013\/08\/24\/le-vogler-exceptionnel\/\" \/>\n<meta property=\"og:site_name\" content=\"MISQA - McGill International String Quartet Academy\" \/>\n<meta property=\"article:published_time\" content=\"2013-08-23T22:00:00+00:00\" \/>\n<meta property=\"article:modified_time\" content=\"2022-04-06T15:02:27+00:00\" \/>\n<meta property=\"og:image\" content=\"https:\/\/misqa.com\/wp-content\/uploads\/2022\/04\/734531-quatuor-vogler-concert-final-academie.jpg\" \/>\n\t<meta property=\"og:image:width\" content=\"200\" \/>\n\t<meta property=\"og:image:height\" content=\"150\" \/>\n\t<meta property=\"og:image:type\" content=\"image\/jpeg\" \/>\n<meta name=\"author\" content=\"pllamothe\" \/>\n<meta name=\"twitter:card\" content=\"summary_large_image\" \/>\n<meta name=\"twitter:label1\" content=\"\u00c9crit par\" \/>\n\t<meta name=\"twitter:data1\" content=\"pllamothe\" \/>\n\t<meta name=\"twitter:label2\" content=\"Dur\u00e9e de lecture estim\u00e9e\" \/>\n\t<meta name=\"twitter:data2\" content=\"2 minutes\" \/>\n<script type=\"application\/ld+json\" class=\"yoast-schema-graph\">{\"@context\":\"https:\\\/\\\/schema.org\",\"@graph\":[{\"@type\":\"Article\",\"@id\":\"https:\\\/\\\/misqa.com\\\/fr\\\/2013\\\/08\\\/24\\\/le-vogler-exceptionnel\\\/#article\",\"isPartOf\":{\"@id\":\"https:\\\/\\\/misqa.com\\\/fr\\\/2013\\\/08\\\/24\\\/le-vogler-exceptionnel\\\/\"},\"author\":{\"name\":\"pllamothe\",\"@id\":\"https:\\\/\\\/misqa.com\\\/#\\\/schema\\\/person\\\/50721fa523da25d35850357c399de570\"},\"headline\":\"Le Vogler: exceptionnel.\",\"datePublished\":\"2013-08-23T22:00:00+00:00\",\"dateModified\":\"2022-04-06T15:02:27+00:00\",\"mainEntityOfPage\":{\"@id\":\"https:\\\/\\\/misqa.com\\\/fr\\\/2013\\\/08\\\/24\\\/le-vogler-exceptionnel\\\/\"},\"wordCount\":477,\"commentCount\":0,\"publisher\":{\"@id\":\"https:\\\/\\\/misqa.com\\\/#organization\"},\"image\":{\"@id\":\"https:\\\/\\\/misqa.com\\\/fr\\\/2013\\\/08\\\/24\\\/le-vogler-exceptionnel\\\/#primaryimage\"},\"thumbnailUrl\":\"https:\\\/\\\/misqa.com\\\/wp-content\\\/uploads\\\/2022\\\/04\\\/734531-quatuor-vogler-concert-final-academie.jpg\",\"articleSection\":[\"Presse\"],\"inLanguage\":\"fr-FR\",\"potentialAction\":[{\"@type\":\"CommentAction\",\"name\":\"Comment\",\"target\":[\"https:\\\/\\\/misqa.com\\\/fr\\\/2013\\\/08\\\/24\\\/le-vogler-exceptionnel\\\/#respond\"]}]},{\"@type\":\"WebPage\",\"@id\":\"https:\\\/\\\/misqa.com\\\/fr\\\/2013\\\/08\\\/24\\\/le-vogler-exceptionnel\\\/\",\"url\":\"https:\\\/\\\/misqa.com\\\/fr\\\/2013\\\/08\\\/24\\\/le-vogler-exceptionnel\\\/\",\"name\":\"Le Vogler: exceptionnel. - MISQA - McGill International String Quartet Academy\",\"isPartOf\":{\"@id\":\"https:\\\/\\\/misqa.com\\\/#website\"},\"primaryImageOfPage\":{\"@id\":\"https:\\\/\\\/misqa.com\\\/fr\\\/2013\\\/08\\\/24\\\/le-vogler-exceptionnel\\\/#primaryimage\"},\"image\":{\"@id\":\"https:\\\/\\\/misqa.com\\\/fr\\\/2013\\\/08\\\/24\\\/le-vogler-exceptionnel\\\/#primaryimage\"},\"thumbnailUrl\":\"https:\\\/\\\/misqa.com\\\/wp-content\\\/uploads\\\/2022\\\/04\\\/734531-quatuor-vogler-concert-final-academie.jpg\",\"datePublished\":\"2013-08-23T22:00:00+00:00\",\"dateModified\":\"2022-04-06T15:02:27+00:00\",\"breadcrumb\":{\"@id\":\"https:\\\/\\\/misqa.com\\\/fr\\\/2013\\\/08\\\/24\\\/le-vogler-exceptionnel\\\/#breadcrumb\"},\"inLanguage\":\"fr-FR\",\"potentialAction\":[{\"@type\":\"ReadAction\",\"target\":[\"https:\\\/\\\/misqa.com\\\/fr\\\/2013\\\/08\\\/24\\\/le-vogler-exceptionnel\\\/\"]}]},{\"@type\":\"ImageObject\",\"inLanguage\":\"fr-FR\",\"@id\":\"https:\\\/\\\/misqa.com\\\/fr\\\/2013\\\/08\\\/24\\\/le-vogler-exceptionnel\\\/#primaryimage\",\"url\":\"https:\\\/\\\/misqa.com\\\/wp-content\\\/uploads\\\/2022\\\/04\\\/734531-quatuor-vogler-concert-final-academie.jpg\",\"contentUrl\":\"https:\\\/\\\/misqa.com\\\/wp-content\\\/uploads\\\/2022\\\/04\\\/734531-quatuor-vogler-concert-final-academie.jpg\",\"width\":200,\"height\":150},{\"@type\":\"BreadcrumbList\",\"@id\":\"https:\\\/\\\/misqa.com\\\/fr\\\/2013\\\/08\\\/24\\\/le-vogler-exceptionnel\\\/#breadcrumb\",\"itemListElement\":[{\"@type\":\"ListItem\",\"position\":1,\"name\":\"Home\",\"item\":\"https:\\\/\\\/misqa.com\\\/\"},{\"@type\":\"ListItem\",\"position\":2,\"name\":\"Le Vogler: exceptionnel.\"}]},{\"@type\":\"WebSite\",\"@id\":\"https:\\\/\\\/misqa.com\\\/#website\",\"url\":\"https:\\\/\\\/misqa.com\\\/\",\"name\":\"MISQA - McGill International String Quartet Academy\",\"description\":\"Acad\u00e9mie de quatuors \u00e0 cordes au Canada\",\"publisher\":{\"@id\":\"https:\\\/\\\/misqa.com\\\/#organization\"},\"potentialAction\":[{\"@type\":\"SearchAction\",\"target\":{\"@type\":\"EntryPoint\",\"urlTemplate\":\"https:\\\/\\\/misqa.com\\\/?s={search_term_string}\"},\"query-input\":{\"@type\":\"PropertyValueSpecification\",\"valueRequired\":true,\"valueName\":\"search_term_string\"}}],\"inLanguage\":\"fr-FR\"},{\"@type\":\"Organization\",\"@id\":\"https:\\\/\\\/misqa.com\\\/#organization\",\"name\":\"MISQA - McGill International String Quartet Academy\",\"url\":\"https:\\\/\\\/misqa.com\\\/\",\"logo\":{\"@type\":\"ImageObject\",\"inLanguage\":\"fr-FR\",\"@id\":\"https:\\\/\\\/misqa.com\\\/#\\\/schema\\\/logo\\\/image\\\/\",\"url\":\"https:\\\/\\\/misqa.com\\\/wp-content\\\/uploads\\\/2022\\\/04\\\/misqa_logo_15.svg\",\"contentUrl\":\"https:\\\/\\\/misqa.com\\\/wp-content\\\/uploads\\\/2022\\\/04\\\/misqa_logo_15.svg\",\"caption\":\"MISQA - McGill International String Quartet Academy\"},\"image\":{\"@id\":\"https:\\\/\\\/misqa.com\\\/#\\\/schema\\\/logo\\\/image\\\/\"}},{\"@type\":\"Person\",\"@id\":\"https:\\\/\\\/misqa.com\\\/#\\\/schema\\\/person\\\/50721fa523da25d35850357c399de570\",\"name\":\"pllamothe\",\"image\":{\"@type\":\"ImageObject\",\"inLanguage\":\"fr-FR\",\"@id\":\"https:\\\/\\\/secure.gravatar.com\\\/avatar\\\/7792e2b09fa755ddc77acf5d079868f448a66ec739f7ae8f1c3a55086d12511c?s=96&d=mm&r=g\",\"url\":\"https:\\\/\\\/secure.gravatar.com\\\/avatar\\\/7792e2b09fa755ddc77acf5d079868f448a66ec739f7ae8f1c3a55086d12511c?s=96&d=mm&r=g\",\"contentUrl\":\"https:\\\/\\\/secure.gravatar.com\\\/avatar\\\/7792e2b09fa755ddc77acf5d079868f448a66ec739f7ae8f1c3a55086d12511c?s=96&d=mm&r=g\",\"caption\":\"pllamothe\"},\"sameAs\":[\"https:\\\/\\\/www.misqa.com\"],\"url\":\"https:\\\/\\\/misqa.com\\\/fr\\\/author\\\/pllamothe\\\/\"}]}<\/script>\n<!-- \/ Yoast SEO plugin. -->","yoast_head_json":{"title":"Le Vogler: exceptionnel. - MISQA - McGill International String Quartet Academy","robots":{"index":"index","follow":"follow","max-snippet":"max-snippet:-1","max-image-preview":"max-image-preview:large","max-video-preview":"max-video-preview:-1"},"canonical":"https:\/\/misqa.com\/fr\/2013\/08\/24\/le-vogler-exceptionnel\/","og_locale":"fr_FR","og_type":"article","og_title":"Le Vogler: exceptionnel. - MISQA - McGill International String Quartet Academy","og_description":"L&rsquo;Acad\u00e9mie internationale de quatuor \u00e0 cordes de McGill est en passe de devenir la grande r\u00e9ussite de notre \u00e9t\u00e9 : [&hellip;]","og_url":"https:\/\/misqa.com\/fr\/2013\/08\/24\/le-vogler-exceptionnel\/","og_site_name":"MISQA - McGill International String Quartet Academy","article_published_time":"2013-08-23T22:00:00+00:00","article_modified_time":"2022-04-06T15:02:27+00:00","og_image":[{"width":200,"height":150,"url":"https:\/\/misqa.com\/wp-content\/uploads\/2022\/04\/734531-quatuor-vogler-concert-final-academie.jpg","type":"image\/jpeg"}],"author":"pllamothe","twitter_card":"summary_large_image","twitter_misc":{"\u00c9crit par":"pllamothe","Dur\u00e9e de lecture estim\u00e9e":"2 minutes"},"schema":{"@context":"https:\/\/schema.org","@graph":[{"@type":"Article","@id":"https:\/\/misqa.com\/fr\/2013\/08\/24\/le-vogler-exceptionnel\/#article","isPartOf":{"@id":"https:\/\/misqa.com\/fr\/2013\/08\/24\/le-vogler-exceptionnel\/"},"author":{"name":"pllamothe","@id":"https:\/\/misqa.com\/#\/schema\/person\/50721fa523da25d35850357c399de570"},"headline":"Le Vogler: exceptionnel.","datePublished":"2013-08-23T22:00:00+00:00","dateModified":"2022-04-06T15:02:27+00:00","mainEntityOfPage":{"@id":"https:\/\/misqa.com\/fr\/2013\/08\/24\/le-vogler-exceptionnel\/"},"wordCount":477,"commentCount":0,"publisher":{"@id":"https:\/\/misqa.com\/#organization"},"image":{"@id":"https:\/\/misqa.com\/fr\/2013\/08\/24\/le-vogler-exceptionnel\/#primaryimage"},"thumbnailUrl":"https:\/\/misqa.com\/wp-content\/uploads\/2022\/04\/734531-quatuor-vogler-concert-final-academie.jpg","articleSection":["Presse"],"inLanguage":"fr-FR","potentialAction":[{"@type":"CommentAction","name":"Comment","target":["https:\/\/misqa.com\/fr\/2013\/08\/24\/le-vogler-exceptionnel\/#respond"]}]},{"@type":"WebPage","@id":"https:\/\/misqa.com\/fr\/2013\/08\/24\/le-vogler-exceptionnel\/","url":"https:\/\/misqa.com\/fr\/2013\/08\/24\/le-vogler-exceptionnel\/","name":"Le Vogler: exceptionnel. - MISQA - McGill International String Quartet Academy","isPartOf":{"@id":"https:\/\/misqa.com\/#website"},"primaryImageOfPage":{"@id":"https:\/\/misqa.com\/fr\/2013\/08\/24\/le-vogler-exceptionnel\/#primaryimage"},"image":{"@id":"https:\/\/misqa.com\/fr\/2013\/08\/24\/le-vogler-exceptionnel\/#primaryimage"},"thumbnailUrl":"https:\/\/misqa.com\/wp-content\/uploads\/2022\/04\/734531-quatuor-vogler-concert-final-academie.jpg","datePublished":"2013-08-23T22:00:00+00:00","dateModified":"2022-04-06T15:02:27+00:00","breadcrumb":{"@id":"https:\/\/misqa.com\/fr\/2013\/08\/24\/le-vogler-exceptionnel\/#breadcrumb"},"inLanguage":"fr-FR","potentialAction":[{"@type":"ReadAction","target":["https:\/\/misqa.com\/fr\/2013\/08\/24\/le-vogler-exceptionnel\/"]}]},{"@type":"ImageObject","inLanguage":"fr-FR","@id":"https:\/\/misqa.com\/fr\/2013\/08\/24\/le-vogler-exceptionnel\/#primaryimage","url":"https:\/\/misqa.com\/wp-content\/uploads\/2022\/04\/734531-quatuor-vogler-concert-final-academie.jpg","contentUrl":"https:\/\/misqa.com\/wp-content\/uploads\/2022\/04\/734531-quatuor-vogler-concert-final-academie.jpg","width":200,"height":150},{"@type":"BreadcrumbList","@id":"https:\/\/misqa.com\/fr\/2013\/08\/24\/le-vogler-exceptionnel\/#breadcrumb","itemListElement":[{"@type":"ListItem","position":1,"name":"Home","item":"https:\/\/misqa.com\/"},{"@type":"ListItem","position":2,"name":"Le Vogler: exceptionnel."}]},{"@type":"WebSite","@id":"https:\/\/misqa.com\/#website","url":"https:\/\/misqa.com\/","name":"MISQA - McGill International String Quartet Academy","description":"Acad\u00e9mie de quatuors \u00e0 cordes au Canada","publisher":{"@id":"https:\/\/misqa.com\/#organization"},"potentialAction":[{"@type":"SearchAction","target":{"@type":"EntryPoint","urlTemplate":"https:\/\/misqa.com\/?s={search_term_string}"},"query-input":{"@type":"PropertyValueSpecification","valueRequired":true,"valueName":"search_term_string"}}],"inLanguage":"fr-FR"},{"@type":"Organization","@id":"https:\/\/misqa.com\/#organization","name":"MISQA - McGill International String Quartet Academy","url":"https:\/\/misqa.com\/","logo":{"@type":"ImageObject","inLanguage":"fr-FR","@id":"https:\/\/misqa.com\/#\/schema\/logo\/image\/","url":"https:\/\/misqa.com\/wp-content\/uploads\/2022\/04\/misqa_logo_15.svg","contentUrl":"https:\/\/misqa.com\/wp-content\/uploads\/2022\/04\/misqa_logo_15.svg","caption":"MISQA - McGill International String Quartet Academy"},"image":{"@id":"https:\/\/misqa.com\/#\/schema\/logo\/image\/"}},{"@type":"Person","@id":"https:\/\/misqa.com\/#\/schema\/person\/50721fa523da25d35850357c399de570","name":"pllamothe","image":{"@type":"ImageObject","inLanguage":"fr-FR","@id":"https:\/\/secure.gravatar.com\/avatar\/7792e2b09fa755ddc77acf5d079868f448a66ec739f7ae8f1c3a55086d12511c?s=96&d=mm&r=g","url":"https:\/\/secure.gravatar.com\/avatar\/7792e2b09fa755ddc77acf5d079868f448a66ec739f7ae8f1c3a55086d12511c?s=96&d=mm&r=g","contentUrl":"https:\/\/secure.gravatar.com\/avatar\/7792e2b09fa755ddc77acf5d079868f448a66ec739f7ae8f1c3a55086d12511c?s=96&d=mm&r=g","caption":"pllamothe"},"sameAs":["https:\/\/www.misqa.com"],"url":"https:\/\/misqa.com\/fr\/author\/pllamothe\/"}]}},"_links":{"self":[{"href":"https:\/\/misqa.com\/fr\/wp-json\/wp\/v2\/posts\/3700","targetHints":{"allow":["GET"]}}],"collection":[{"href":"https:\/\/misqa.com\/fr\/wp-json\/wp\/v2\/posts"}],"about":[{"href":"https:\/\/misqa.com\/fr\/wp-json\/wp\/v2\/types\/post"}],"author":[{"embeddable":true,"href":"https:\/\/misqa.com\/fr\/wp-json\/wp\/v2\/users\/1"}],"replies":[{"embeddable":true,"href":"https:\/\/misqa.com\/fr\/wp-json\/wp\/v2\/comments?post=3700"}],"version-history":[{"count":1,"href":"https:\/\/misqa.com\/fr\/wp-json\/wp\/v2\/posts\/3700\/revisions"}],"predecessor-version":[{"id":3782,"href":"https:\/\/misqa.com\/fr\/wp-json\/wp\/v2\/posts\/3700\/revisions\/3782"}],"wp:featuredmedia":[{"embeddable":true,"href":"https:\/\/misqa.com\/fr\/wp-json\/wp\/v2\/media\/3701"}],"wp:attachment":[{"href":"https:\/\/misqa.com\/fr\/wp-json\/wp\/v2\/media?parent=3700"}],"wp:term":[{"taxonomy":"category","embeddable":true,"href":"https:\/\/misqa.com\/fr\/wp-json\/wp\/v2\/categories?post=3700"},{"taxonomy":"post_tag","embeddable":true,"href":"https:\/\/misqa.com\/fr\/wp-json\/wp\/v2\/tags?post=3700"}],"curies":[{"name":"wp","href":"https:\/\/api.w.org\/{rel}","templated":true}]}}